{"id":9861,"date":"2023-08-17T22:31:01","date_gmt":"2023-08-17T21:31:01","guid":{"rendered":"https:\/\/iglesia-en-villar.es\/blog\/?p=9861"},"modified":"2023-08-17T22:31:03","modified_gmt":"2023-08-17T21:31:03","slug":"avisos-161","status":"publish","type":"post","link":"https:\/\/iglesia-en-villar.es\/blog\/2023\/08\/17\/avisos-161\/","title":{"rendered":"Avisos"},"content":{"rendered":"\n<p><strong>BODA.<\/strong><\/p>\n\n\n\n<p>El pr\u00f3ximo d\u00eda S\u00e1bado 26 de Agosto a las 18 Horas contraer\u00e1n santo matrimonio en la Parroquia de Nuestra Se\u00f1ora de la Paz de Villar del Arzobispo, ALEJANDRO y CLARA.<\/p>\n\n\n\n<p><strong>DONATIVOS.<\/strong><\/p>\n\n\n\n<p>Donativo de 80 Euros de dos Festeras de la Comisi\u00f3n de Fiestas 2023. Agradecemos de todo coraz\u00f3n su colaboraci\u00f3n desinteresada.<\/p>\n\n\n\n<p><strong>HORARIO DE MISAS<\/strong><\/p>\n\n\n\n<p>Los D\u00edas Lunes 21, Martes 22, Mi\u00e9rcoles 23 y Viernes 25 se celebrara la LITURGIA DE LA PALABRA en horario de Misa.<\/p>\n","protected":false},"excerpt":{"rendered":"<p>BODA. El pr\u00f3ximo d\u00eda S\u00e1bado 26 de Agosto a las 18 Horas contraer\u00e1n santo matrimonio en la Parroquia de Nuestra Se\u00f1ora de la Paz de Villar del Arzobispo, ALEJANDRO y CLARA. DONATIVOS. Donativo de 80 Euros de dos Festeras de la Comisi\u00f3n de Fiestas 2023. Agradecemos de todo coraz\u00f3n su colaboraci\u00f3n desinteresada. HORARIO DE MISAS Los D\u00edas Lunes 21, Martes&#8230;<\/p>\n<p> <a class=\"continue-reading-link\" href=\"https:\/\/iglesia-en-villar.es\/blog\/2023\/08\/17\/avisos-161\/\"><span>Leer m\u00e1s<\/span><i class=\"crycon-right-dir\"><\/i><\/a> <\/p>\n","protected":false},"author":53745,"featured_media":0,"comment_status":"open","ping_status":"open","sticky":false,"template":"","format":"standard","meta":{"inline_featured_image":false,"footnotes":""},"categories":[10],"tags":[],"class_list":["post-9861","post","type-post","status-publish","format-standard","hentry","category-avisos"],"better_featured_image":null,"read":true,"_links":{"self":[{"href":"https:\/\/iglesia-en-villar.es\/blog\/wp-json\/wp\/v2\/posts\/9861","targetHints":{"allow":["GET"]}}],"collection":[{"href":"https:\/\/iglesia-en-villar.es\/blog\/wp-json\/wp\/v2\/posts"}],"about":[{"href":"https:\/\/iglesia-en-villar.es\/blog\/wp-json\/wp\/v2\/types\/post"}],"author":[{"embeddable":true,"href":"https:\/\/iglesia-en-villar.es\/blog\/wp-json\/wp\/v2\/users\/53745"}],"replies":[{"embeddable":true,"href":"https:\/\/iglesia-en-villar.es\/blog\/wp-json\/wp\/v2\/comments?post=9861"}],"version-history":[{"count":1,"href":"https:\/\/iglesia-en-villar.es\/blog\/wp-json\/wp\/v2\/posts\/9861\/revisions"}],"predecessor-version":[{"id":9862,"href":"https:\/\/iglesia-en-villar.es\/blog\/wp-json\/wp\/v2\/posts\/9861\/revisions\/9862"}],"wp:attachment":[{"href":"https:\/\/iglesia-en-villar.es\/blog\/wp-json\/wp\/v2\/media?parent=9861"}],"wp:term":[{"taxonomy":"category","embeddable":true,"href":"https:\/\/iglesia-en-villar.es\/blog\/wp-json\/wp\/v2\/categories?post=9861"},{"taxonomy":"post_tag","embeddable":true,"href":"https:\/\/iglesia-en-villar.es\/blog\/wp-json\/wp\/v2\/tags?post=9861"}],"curies":[{"name":"wp","href":"https:\/\/api.w.org\/{rel}","templated":true}]}}